{"id":7984,"date":"2023-07-24T17:21:18","date_gmt":"2023-07-24T14:21:18","guid":{"rendered":"https:\/\/www.officelink.com.tr\/blog\/?p=7984"},"modified":"2023-07-24T17:21:18","modified_gmt":"2023-07-24T14:21:18","slug":"paylasimli-ofis-ile-verimli-calisma-ortami-nasil-olusturulur","status":"publish","type":"post","link":"https:\/\/www.officelink.com.tr\/blog\/paylasimli-ofis-ile-verimli-calisma-ortami-nasil-olusturulur\/","title":{"rendered":"Payla\u015f\u0131ml\u0131 Ofis ile Verimli \u00c7al\u0131\u015fma Ortam\u0131 Nas\u0131l Olu\u015fturulur?"},"content":{"rendered":"<section class=\"l-section wpb_row height_custom\"><div class=\"l-section-h i-cf\"><div class=\"g-cols vc_row via_grid cols_1 laptops-cols_inherit tablets-cols_inherit mobiles-cols_1 valign_top type_default stacking_default\"><div class=\"wpb_column vc_column_container\"><div class=\"vc_column-inner\"><div class=\"wpb_text_column\"><div class=\"wpb_wrapper\"><p>Geleneksel ofise ba\u011fl\u0131 kalmak istemeyen i\u015fletmeler i\u00e7in payla\u015f\u0131ml\u0131 ofis yeni nesil ofis \u00e7\u00f6z\u00fcmleri aras\u0131ndad\u0131r. Yeni nesil \u00e7al\u0131\u015fma modeli olan payla\u015f\u0131ml\u0131 ofisler, farkl\u0131 meslek gruplar\u0131 ve \u00e7al\u0131\u015fanlar ile bir arada \u00e7al\u0131\u015fma ve network olu\u015fturmaya imkan sa\u011fl\u0131yor.<\/p>\n<h6><strong>Yeni Nesil Ofis Modeli Payla\u015f\u0131ml\u0131 Ofisler <\/strong><\/h6>\n<p><strong>Payla\u015f\u0131ml\u0131 ofis<\/strong>, \u00e7al\u0131\u015fmalar\u0131n\u0131 belirli bir ofis ortam\u0131na ba\u011fl\u0131 kalmadan yapabilen, uzaktan veya hibrit \u00e7al\u0131\u015fma modeli ile i\u015fleri y\u00fcr\u00fctebilen freelancer veya i\u015fletmeler i\u00e7in olduk\u00e7a ideal bir se\u00e7enektir. <strong>Coworking<\/strong> olarak da tan\u0131mlanan bu ofislerde farkl\u0131 sekt\u00f6rlerde \u00e7al\u0131\u015fanlar bir araya gelerek \u00e7al\u0131\u015fma ve sosyalle\u015fme imkan\u0131 elde eder.<\/p>\n<p>Payla\u015f\u0131ml\u0131 ofiste ihtiya\u00e7 duyulan t\u00fcm ofis materyalleri, mobilya, elektrik ve \u0131s\u0131nma gibi ihtiya\u00e7lar bulunur. Merkezi lokasyonlarda ve i\u015f merkezlerinde yer alan payla\u015f\u0131ml\u0131 ofisler ile prestijli, profesyonel ve uzun vadeli \u00e7al\u0131\u015fmalar yap\u0131labilir.<\/p>\n<p>Payla\u015f\u0131ml\u0131 ofisler, haz\u0131r ofislere k\u0131yasla \u00e7al\u0131\u015fmalar\u0131n\u0131 y\u00fcr\u00fcten i\u015fletmelerin ortak ve farkl\u0131 ki\u015filerle \u00e7al\u0131\u015fma ortam\u0131n\u0131 payla\u015fma imkan\u0131 sunar. \u00c7al\u0131\u015fmalar\u0131n\u0131 haftan\u0131n belli g\u00fcnlerinde payla\u015f\u0131ml\u0131 ofislerde y\u00fcr\u00fctmek isteyenler i\u00e7in idealdir.<\/p>\n<h6><strong>Payla\u015f\u0131ml\u0131 Ofis ile Verimli \u00c7al\u0131\u015fma Alanlar\u0131 Yarat\u0131n<\/strong><\/h6>\n<p>Fiziksel bir \u00e7al\u0131\u015fma ortam\u0131na ihtiya\u00e7 duyuyorsan ancak s\u00fcrekli olarak ofise gitmek istemiyorsan payla\u015f\u0131ml\u0131 ofisleri tercih edebilirsin. Payla\u015f\u0131ml\u0131 ofisler d\u00fczenli olarak ofise gitmeye gerek kalmadan g\u00fcnl\u00fck ya da haftal\u0131k olarak kullan\u0131labilir.<\/p>\n<p><strong>Coworking space<\/strong> i\u015fletmelere ve \u00e7al\u0131\u015fanlara esnek ve dinamik bir \u00e7al\u0131\u015fma ortam\u0131 sunar. Rahat ve konforlu ofis materyalleri, ofis ekipmanlar\u0131, \u00e7ay ve kahve servisi ile ofiste ihtiya\u00e7 duyabilece\u011fin t\u00fcm detaylar\u0131 sunar. Uygun fiyatlara keyifli ve verimli bir \u00e7al\u0131\u015fma ortam\u0131 sa\u011flar.<\/p>\n<p>Rahat ve konforlu \u00e7al\u0131\u015fma ortam\u0131 sunan payla\u015f\u0131ml\u0131 ofislerde belirli aral\u0131klarda \u00e7al\u0131\u015farak verimlili\u011fi art\u0131rmak m\u00fcmk\u00fcnd\u00fcr. Payla\u015f\u0131ml\u0131 ofisler ile i\u015f verimlili\u011fini art\u0131rman\u0131n yan\u0131 s\u0131ra network a\u011f\u0131n\u0131 geli\u015ftirmen de m\u00fcmk\u00fcnd\u00fcr. Farkl\u0131 sekt\u00f6rlerde, farkl\u0131 pozisyonlarda \u00e7al\u0131\u015fanlar ile fikir al\u0131\u015fveri\u015fi yapabilir, farkl\u0131 i\u015f alanlar\u0131nda proje y\u00fcr\u00fctebilirsin.<\/p>\n<p>Payla\u015f\u0131ml\u0131 ofisler g\u00fcnl\u00fck, haftal\u0131k, ayl\u0131k ve y\u0131ll\u0131k \u00fcyelik se\u00e7enekleri ile tercih edilebilir. Ortak \u00e7al\u0131\u015fma alanlar\u0131n\u0131 ay\u0131n belli zamanlar\u0131nda kullanarak verimli ve etkin bir \u00e7al\u0131\u015fma program\u0131 olu\u015fturabilirsin. OfficeLink, yeni nesil ofis \u00e7\u00f6z\u00fcmleri ile payla\u015f\u0131ml\u0131 ofis tercih edenler i\u00e7in ideal bir \u00e7al\u0131\u015fma ortam\u0131 yarat\u0131yor. Piazza AVM i\u00e7erisinde yer alan OfficeLink, metroya yaln\u0131zca birka\u00e7 dakika uzakl\u0131kt\u0131. Ya\u015fam alanlar\u0131na yak\u0131n ve prestijli bir konumda olan OfficeLink ile uygun fiyatlara prestijli bir i\u015f adresi edinebilirsin.<\/p>\n<p>Payla\u015f\u0131ml\u0131 ofis hakk\u0131nda daha detayl\u0131 bilgi almak i\u00e7in <a href=\"https:\/\/www.officelink.com.tr\/\" target=\"_blank\" rel=\"noopener\"><strong>https:\/\/www.officelink.com.tr\/<\/strong><\/a> adresini ziyaret edebilirsin.<\/p>\n<\/div><\/div><\/div><\/div><\/div><\/div><\/section>\n","protected":false},"excerpt":{"rendered":"Geleneksel ofise ba\u011fl\u0131 kalmak istemeyen i\u015fletmeler i\u00e7in payla\u015f\u0131ml\u0131 ofis yeni nesil ofis \u00e7\u00f6z\u00fcmleri aras\u0131ndad\u0131r. Yeni nesil \u00e7al\u0131\u015fma modeli olan payla\u015f\u0131ml\u0131 ofisler, farkl\u0131 meslek gruplar\u0131 ve \u00e7al\u0131\u015fanlar ile bir arada \u00e7al\u0131\u015fma ve network olu\u015fturmaya imkan sa\u011fl\u0131yor. Yeni Nesil Ofis Modeli Payla\u015f\u0131ml\u0131 Ofisler Payla\u015f\u0131ml\u0131 ofis, \u00e7al\u0131\u015fmalar\u0131n\u0131 belirli bir ofis ortam\u0131na ba\u011fl\u0131 kalmadan yapabilen, uzaktan veya hibrit \u00e7al\u0131\u015fma...","protected":false},"author":1,"featured_media":7985,"comment_status":"closed","ping_status":"open","sticky":false,"template":"","format":"standard","meta":[],"categories":[10],"tags":[],"yoast_head":"<!-- This site is optimized with the Yoast SEO plugin v20.2.1 - https:\/\/yoast.com\/wordpress\/plugins\/seo\/ -->\n<title>Payla\u015f\u0131ml\u0131 Ofis ile Verimli \u00c7al\u0131\u015fma Ortam\u0131 Nas\u0131l Olu\u015fturulur?<\/title>\n<meta name=\"description\" content=\"Payla\u015f\u0131ml\u0131 Ofis ile Verimli \u00c7al\u0131\u015fma Ortam\u0131 Nas\u0131l Olu\u015fturulur? Yeni Nesil Ofis Modeli Payla\u015f\u0131ml\u0131 Ofisler, Geleneksel ofise ba\u011fl\u0131 kalmak...\" \/>\n<meta name=\"robots\" content=\"index, follow, max-snippet:-1, max-image-preview:large, max-video-preview:-1\" \/>\n<link rel=\"canonical\" href=\"https:\/\/www.officelink.com.tr\/blog\/paylasimli-ofis-ile-verimli-calisma-ortami-nasil-olusturulur\/\" \/>\n<meta property=\"og:locale\" content=\"tr_TR\" \/>\n<meta property=\"og:type\" content=\"article\" \/>\n<meta property=\"og:title\" content=\"Payla\u015f\u0131ml\u0131 Ofis ile Verimli \u00c7al\u0131\u015fma Ortam\u0131 Nas\u0131l Olu\u015fturulur?\" \/>\n<meta property=\"og:description\" content=\"Payla\u015f\u0131ml\u0131 Ofis ile Verimli \u00c7al\u0131\u015fma Ortam\u0131 Nas\u0131l Olu\u015fturulur? Yeni Nesil Ofis Modeli Payla\u015f\u0131ml\u0131 Ofisler, Geleneksel ofise ba\u011fl\u0131 kalmak...\" \/>\n<meta property=\"og:url\" content=\"https:\/\/www.officelink.com.tr\/blog\/paylasimli-ofis-ile-verimli-calisma-ortami-nasil-olusturulur\/\" \/>\n<meta property=\"og:site_name\" content=\"OfficeLink Blog\" \/>\n<meta property=\"article:publisher\" content=\"https:\/\/www.facebook.com\/officelinktr\/\" \/>\n<meta property=\"article:published_time\" content=\"2023-07-24T14:21:18+00:00\" \/>\n<meta property=\"og:image\" content=\"https:\/\/www.officelink.com.tr\/blog\/wp-content\/uploads\/2023\/07\/paylasimli-ofis-ile-verimli-calisma-ortami-nasil-olusturulur.jpg\" \/>\n\t<meta property=\"og:image:width\" content=\"1200\" \/>\n\t<meta property=\"og:image:height\" content=\"853\" \/>\n\t<meta property=\"og:image:type\" content=\"image\/jpeg\" \/>\n<meta name=\"author\" content=\"Tmsh-Admin\" \/>\n<meta name=\"twitter:card\" content=\"summary_large_image\" \/>\n<meta name=\"twitter:creator\" content=\"@officelinktr\" \/>\n<meta name=\"twitter:site\" content=\"@officelinktr\" \/>\n<meta name=\"twitter:label1\" content=\"Yazan:\" \/>\n\t<meta name=\"twitter:data1\" content=\"Tmsh-Admin\" \/>\n\t<meta name=\"twitter:label2\" content=\"Tahmini okuma s\u00fcresi\" \/>\n\t<meta name=\"twitter:data2\" content=\"3 dakika\" \/>\n<script type=\"application\/ld+json\" class=\"yoast-schema-graph\">{\"@context\":\"https:\/\/schema.org\",\"@graph\":[{\"@type\":\"Article\",\"@id\":\"https:\/\/www.officelink.com.tr\/blog\/paylasimli-ofis-ile-verimli-calisma-ortami-nasil-olusturulur\/#article\",\"isPartOf\":{\"@id\":\"https:\/\/www.officelink.com.tr\/blog\/paylasimli-ofis-ile-verimli-calisma-ortami-nasil-olusturulur\/\"},\"author\":{\"name\":\"Tmsh-Admin\",\"@id\":\"https:\/\/www.officelink.com.tr\/blog\/#\/schema\/person\/92d64a0d1431fd83bf4437849d49ac89\"},\"headline\":\"Payla\u015f\u0131ml\u0131 Ofis ile Verimli \u00c7al\u0131\u015fma Ortam\u0131 Nas\u0131l Olu\u015fturulur?\",\"datePublished\":\"2023-07-24T14:21:18+00:00\",\"dateModified\":\"2023-07-24T14:21:18+00:00\",\"mainEntityOfPage\":{\"@id\":\"https:\/\/www.officelink.com.tr\/blog\/paylasimli-ofis-ile-verimli-calisma-ortami-nasil-olusturulur\/\"},\"wordCount\":507,\"publisher\":{\"@id\":\"https:\/\/www.officelink.com.tr\/blog\/#organization\"},\"articleSection\":[\"Blog\"],\"inLanguage\":\"tr\"},{\"@type\":\"WebPage\",\"@id\":\"https:\/\/www.officelink.com.tr\/blog\/paylasimli-ofis-ile-verimli-calisma-ortami-nasil-olusturulur\/\",\"url\":\"https:\/\/www.officelink.com.tr\/blog\/paylasimli-ofis-ile-verimli-calisma-ortami-nasil-olusturulur\/\",\"name\":\"Payla\u015f\u0131ml\u0131 Ofis ile Verimli \u00c7al\u0131\u015fma Ortam\u0131 Nas\u0131l Olu\u015fturulur?\",\"isPartOf\":{\"@id\":\"https:\/\/www.officelink.com.tr\/blog\/#website\"},\"datePublished\":\"2023-07-24T14:21:18+00:00\",\"dateModified\":\"2023-07-24T14:21:18+00:00\",\"description\":\"Payla\u015f\u0131ml\u0131 Ofis ile Verimli \u00c7al\u0131\u015fma Ortam\u0131 Nas\u0131l Olu\u015fturulur? Yeni Nesil Ofis Modeli Payla\u015f\u0131ml\u0131 Ofisler, Geleneksel ofise ba\u011fl\u0131 kalmak...\",\"breadcrumb\":{\"@id\":\"https:\/\/www.officelink.com.tr\/blog\/paylasimli-ofis-ile-verimli-calisma-ortami-nasil-olusturulur\/#breadcrumb\"},\"inLanguage\":\"tr\",\"potentialAction\":[{\"@type\":\"ReadAction\",\"target\":[\"https:\/\/www.officelink.com.tr\/blog\/paylasimli-ofis-ile-verimli-calisma-ortami-nasil-olusturulur\/\"]}]},{\"@type\":\"BreadcrumbList\",\"@id\":\"https:\/\/www.officelink.com.tr\/blog\/paylasimli-ofis-ile-verimli-calisma-ortami-nasil-olusturulur\/#breadcrumb\",\"itemListElement\":[{\"@type\":\"ListItem\",\"position\":1,\"name\":\"Anasayfa\",\"item\":\"https:\/\/www.officelink.com.tr\/blog\/\"},{\"@type\":\"ListItem\",\"position\":2,\"name\":\"Payla\u015f\u0131ml\u0131 Ofis ile Verimli \u00c7al\u0131\u015fma Ortam\u0131 Nas\u0131l Olu\u015fturulur?\"}]},{\"@type\":\"WebSite\",\"@id\":\"https:\/\/www.officelink.com.tr\/blog\/#website\",\"url\":\"https:\/\/www.officelink.com.tr\/blog\/\",\"name\":\"OfficeLink Blog\",\"description\":\"\",\"publisher\":{\"@id\":\"https:\/\/www.officelink.com.tr\/blog\/#organization\"},\"potentialAction\":[{\"@type\":\"SearchAction\",\"target\":{\"@type\":\"EntryPoint\",\"urlTemplate\":\"https:\/\/www.officelink.com.tr\/blog\/?s={search_term_string}\"},\"query-input\":\"required name=search_term_string\"}],\"inLanguage\":\"tr\"},{\"@type\":\"Organization\",\"@id\":\"https:\/\/www.officelink.com.tr\/blog\/#organization\",\"name\":\"OfficeLink\",\"url\":\"https:\/\/www.officelink.com.tr\/blog\/\",\"logo\":{\"@type\":\"ImageObject\",\"inLanguage\":\"tr\",\"@id\":\"https:\/\/www.officelink.com.tr\/blog\/#\/schema\/logo\/image\/\",\"url\":\"https:\/\/www.officelink.com.tr\/blog\/wp-content\/uploads\/2023\/02\/officelink-logo.png\",\"contentUrl\":\"https:\/\/www.officelink.com.tr\/blog\/wp-content\/uploads\/2023\/02\/officelink-logo.png\",\"width\":578,\"height\":571,\"caption\":\"OfficeLink\"},\"image\":{\"@id\":\"https:\/\/www.officelink.com.tr\/blog\/#\/schema\/logo\/image\/\"},\"sameAs\":[\"https:\/\/www.facebook.com\/officelinktr\/\",\"https:\/\/twitter.com\/officelinktr\",\"https:\/\/www.linkedin.com\/company\/officelinktr\/\",\"https:\/\/www.instagram.com\/officelinktr\/\"]},{\"@type\":\"Person\",\"@id\":\"https:\/\/www.officelink.com.tr\/blog\/#\/schema\/person\/92d64a0d1431fd83bf4437849d49ac89\",\"name\":\"Tmsh-Admin\",\"image\":{\"@type\":\"ImageObject\",\"inLanguage\":\"tr\",\"@id\":\"https:\/\/www.officelink.com.tr\/blog\/#\/schema\/person\/image\/\",\"url\":\"https:\/\/secure.gravatar.com\/avatar\/3cabf9c0587698b7596f2291c3e5000c?s=96&d=mm&r=g\",\"contentUrl\":\"https:\/\/secure.gravatar.com\/avatar\/3cabf9c0587698b7596f2291c3e5000c?s=96&d=mm&r=g\",\"caption\":\"Tmsh-Admin\"},\"sameAs\":[\"https:\/\/www.officelink.com.tr\/blog\"]}]}<\/script>\n<!-- \/ Yoast SEO plugin. -->","yoast_head_json":{"title":"Payla\u015f\u0131ml\u0131 Ofis ile Verimli \u00c7al\u0131\u015fma Ortam\u0131 Nas\u0131l Olu\u015fturulur?","description":"Payla\u015f\u0131ml\u0131 Ofis ile Verimli \u00c7al\u0131\u015fma Ortam\u0131 Nas\u0131l Olu\u015fturulur? Yeni Nesil Ofis Modeli Payla\u015f\u0131ml\u0131 Ofisler, Geleneksel ofise ba\u011fl\u0131 kalmak...","robots":{"index":"index","follow":"follow","max-snippet":"max-snippet:-1","max-image-preview":"max-image-preview:large","max-video-preview":"max-video-preview:-1"},"canonical":"https:\/\/www.officelink.com.tr\/blog\/paylasimli-ofis-ile-verimli-calisma-ortami-nasil-olusturulur\/","og_locale":"tr_TR","og_type":"article","og_title":"Payla\u015f\u0131ml\u0131 Ofis ile Verimli \u00c7al\u0131\u015fma Ortam\u0131 Nas\u0131l Olu\u015fturulur?","og_description":"Payla\u015f\u0131ml\u0131 Ofis ile Verimli \u00c7al\u0131\u015fma Ortam\u0131 Nas\u0131l Olu\u015fturulur? Yeni Nesil Ofis Modeli Payla\u015f\u0131ml\u0131 Ofisler, Geleneksel ofise ba\u011fl\u0131 kalmak...","og_url":"https:\/\/www.officelink.com.tr\/blog\/paylasimli-ofis-ile-verimli-calisma-ortami-nasil-olusturulur\/","og_site_name":"OfficeLink Blog","article_publisher":"https:\/\/www.facebook.com\/officelinktr\/","article_published_time":"2023-07-24T14:21:18+00:00","og_image":[{"width":1200,"height":853,"url":"https:\/\/www.officelink.com.tr\/blog\/wp-content\/uploads\/2023\/07\/paylasimli-ofis-ile-verimli-calisma-ortami-nasil-olusturulur.jpg","type":"image\/jpeg"}],"author":"Tmsh-Admin","twitter_card":"summary_large_image","twitter_creator":"@officelinktr","twitter_site":"@officelinktr","twitter_misc":{"Yazan:":"Tmsh-Admin","Tahmini okuma s\u00fcresi":"3 dakika"},"schema":{"@context":"https:\/\/schema.org","@graph":[{"@type":"Article","@id":"https:\/\/www.officelink.com.tr\/blog\/paylasimli-ofis-ile-verimli-calisma-ortami-nasil-olusturulur\/#article","isPartOf":{"@id":"https:\/\/www.officelink.com.tr\/blog\/paylasimli-ofis-ile-verimli-calisma-ortami-nasil-olusturulur\/"},"author":{"name":"Tmsh-Admin","@id":"https:\/\/www.officelink.com.tr\/blog\/#\/schema\/person\/92d64a0d1431fd83bf4437849d49ac89"},"headline":"Payla\u015f\u0131ml\u0131 Ofis ile Verimli \u00c7al\u0131\u015fma Ortam\u0131 Nas\u0131l Olu\u015fturulur?","datePublished":"2023-07-24T14:21:18+00:00","dateModified":"2023-07-24T14:21:18+00:00","mainEntityOfPage":{"@id":"https:\/\/www.officelink.com.tr\/blog\/paylasimli-ofis-ile-verimli-calisma-ortami-nasil-olusturulur\/"},"wordCount":507,"publisher":{"@id":"https:\/\/www.officelink.com.tr\/blog\/#organization"},"articleSection":["Blog"],"inLanguage":"tr"},{"@type":"WebPage","@id":"https:\/\/www.officelink.com.tr\/blog\/paylasimli-ofis-ile-verimli-calisma-ortami-nasil-olusturulur\/","url":"https:\/\/www.officelink.com.tr\/blog\/paylasimli-ofis-ile-verimli-calisma-ortami-nasil-olusturulur\/","name":"Payla\u015f\u0131ml\u0131 Ofis ile Verimli \u00c7al\u0131\u015fma Ortam\u0131 Nas\u0131l Olu\u015fturulur?","isPartOf":{"@id":"https:\/\/www.officelink.com.tr\/blog\/#website"},"datePublished":"2023-07-24T14:21:18+00:00","dateModified":"2023-07-24T14:21:18+00:00","description":"Payla\u015f\u0131ml\u0131 Ofis ile Verimli \u00c7al\u0131\u015fma Ortam\u0131 Nas\u0131l Olu\u015fturulur? Yeni Nesil Ofis Modeli Payla\u015f\u0131ml\u0131 Ofisler, Geleneksel ofise ba\u011fl\u0131 kalmak...","breadcrumb":{"@id":"https:\/\/www.officelink.com.tr\/blog\/paylasimli-ofis-ile-verimli-calisma-ortami-nasil-olusturulur\/#breadcrumb"},"inLanguage":"tr","potentialAction":[{"@type":"ReadAction","target":["https:\/\/www.officelink.com.tr\/blog\/paylasimli-ofis-ile-verimli-calisma-ortami-nasil-olusturulur\/"]}]},{"@type":"BreadcrumbList","@id":"https:\/\/www.officelink.com.tr\/blog\/paylasimli-ofis-ile-verimli-calisma-ortami-nasil-olusturulur\/#breadcrumb","itemListElement":[{"@type":"ListItem","position":1,"name":"Anasayfa","item":"https:\/\/www.officelink.com.tr\/blog\/"},{"@type":"ListItem","position":2,"name":"Payla\u015f\u0131ml\u0131 Ofis ile Verimli \u00c7al\u0131\u015fma Ortam\u0131 Nas\u0131l Olu\u015fturulur?"}]},{"@type":"WebSite","@id":"https:\/\/www.officelink.com.tr\/blog\/#website","url":"https:\/\/www.officelink.com.tr\/blog\/","name":"OfficeLink Blog","description":"","publisher":{"@id":"https:\/\/www.officelink.com.tr\/blog\/#organization"},"potentialAction":[{"@type":"SearchAction","target":{"@type":"EntryPoint","urlTemplate":"https:\/\/www.officelink.com.tr\/blog\/?s={search_term_string}"},"query-input":"required name=search_term_string"}],"inLanguage":"tr"},{"@type":"Organization","@id":"https:\/\/www.officelink.com.tr\/blog\/#organization","name":"OfficeLink","url":"https:\/\/www.officelink.com.tr\/blog\/","logo":{"@type":"ImageObject","inLanguage":"tr","@id":"https:\/\/www.officelink.com.tr\/blog\/#\/schema\/logo\/image\/","url":"https:\/\/www.officelink.com.tr\/blog\/wp-content\/uploads\/2023\/02\/officelink-logo.png","contentUrl":"https:\/\/www.officelink.com.tr\/blog\/wp-content\/uploads\/2023\/02\/officelink-logo.png","width":578,"height":571,"caption":"OfficeLink"},"image":{"@id":"https:\/\/www.officelink.com.tr\/blog\/#\/schema\/logo\/image\/"},"sameAs":["https:\/\/www.facebook.com\/officelinktr\/","https:\/\/twitter.com\/officelinktr","https:\/\/www.linkedin.com\/company\/officelinktr\/","https:\/\/www.instagram.com\/officelinktr\/"]},{"@type":"Person","@id":"https:\/\/www.officelink.com.tr\/blog\/#\/schema\/person\/92d64a0d1431fd83bf4437849d49ac89","name":"Tmsh-Admin","image":{"@type":"ImageObject","inLanguage":"tr","@id":"https:\/\/www.officelink.com.tr\/blog\/#\/schema\/person\/image\/","url":"https:\/\/secure.gravatar.com\/avatar\/3cabf9c0587698b7596f2291c3e5000c?s=96&d=mm&r=g","contentUrl":"https:\/\/secure.gravatar.com\/avatar\/3cabf9c0587698b7596f2291c3e5000c?s=96&d=mm&r=g","caption":"Tmsh-Admin"},"sameAs":["https:\/\/www.officelink.com.tr\/blog"]}]}},"_links":{"self":[{"href":"https:\/\/www.officelink.com.tr\/blog\/wp-json\/wp\/v2\/posts\/7984"}],"collection":[{"href":"https:\/\/www.officelink.com.tr\/blog\/wp-json\/wp\/v2\/posts"}],"about":[{"href":"https:\/\/www.officelink.com.tr\/blog\/wp-json\/wp\/v2\/types\/post"}],"author":[{"embeddable":true,"href":"https:\/\/www.officelink.com.tr\/blog\/wp-json\/wp\/v2\/users\/1"}],"replies":[{"embeddable":true,"href":"https:\/\/www.officelink.com.tr\/blog\/wp-json\/wp\/v2\/comments?post=7984"}],"version-history":[{"count":1,"href":"https:\/\/www.officelink.com.tr\/blog\/wp-json\/wp\/v2\/posts\/7984\/revisions"}],"predecessor-version":[{"id":7986,"href":"https:\/\/www.officelink.com.tr\/blog\/wp-json\/wp\/v2\/posts\/7984\/revisions\/7986"}],"wp:featuredmedia":[{"embeddable":true,"href":"https:\/\/www.officelink.com.tr\/blog\/wp-json\/wp\/v2\/media\/7985"}],"wp:attachment":[{"href":"https:\/\/www.officelink.com.tr\/blog\/wp-json\/wp\/v2\/media?parent=7984"}],"wp:term":[{"taxonomy":"category","embeddable":true,"href":"https:\/\/www.officelink.com.tr\/blog\/wp-json\/wp\/v2\/categories?post=7984"},{"taxonomy":"post_tag","embeddable":true,"href":"https:\/\/www.officelink.com.tr\/blog\/wp-json\/wp\/v2\/tags?post=7984"}],"curies":[{"name":"wp","href":"https:\/\/api.w.org\/{rel}","templated":true}]}}